{"id":18345,"date":"2023-05-15T16:56:36","date_gmt":"2023-05-15T16:56:36","guid":{"rendered":"http:\/\/ctqywot.cluster028.hosting.ovh.net\/quantum-latino-set-to-return-for-3rd-year-in-2023\/"},"modified":"2023-05-15T16:56:36","modified_gmt":"2023-05-15T16:56:36","slug":"quantum-latino-set-to-return-for-3rd-year-in-2023","status":"publish","type":"post","link":"https:\/\/www.qureca.com\/fr\/quantum-latino-set-to-return-for-3rd-year-in-2023\/","title":{"rendered":"<strong>Quantum Latino set to return for 3rd year in 2023<\/strong>"},"content":{"rendered":"\n<p>The third year of the biggest quantum event in Latin America is here! <a href=\"https:\/\/quantum-latino.com\/registration\/\">Register now.<\/a> This time it will be a hybrid event held both online and in-person in Lima, Peru. Once again, you will be able to learn, exchange ideas, connect, network with the most active researchers, entrepreneurs, start-ups and industry collaborators of the emerging quantum community in Latin America. <\/p>\n\n<figure class=\"wp-block-image size-large\"><img decoding=\"async\" src=\"http:\/\/www.qureca.com\/wp-content\/uploads\/2023\/04\/Quantum-Latino-2023-1536-&#xD7;-1536-px-1-1024x1024.png\" alt=\"\" class=\"wp-image-18216\"\/><\/figure>\n\n<p>The global quantum effort leading to research and innovation in quantum science and technology is continually rising with current worldwide public funding exceeding $33 billion. In Latin America, Brazil intends to create a Competence Center in Quantum Technologies with an initial investment of $12 million. [1] The mission of QURECA is to create global opportunities with Quantum Technologies. Since 2021, we have partnered with <a href=\"https:\/\/quantum-south.com\/\" target=\"_blank\" rel=\"noreferrer noopener\">Quantum-South<\/a>, the <a href=\"https:\/\/unconventionalcomputing.org\/\" target=\"_blank\" rel=\"noreferrer noopener\">Unconventional Computing Lab<\/a> and <a href=\"https:\/\/kipu-quantum.com\/\" target=\"_blank\" rel=\"noreferrer noopener\">Kipu Quantum<\/a> to bring the quantum community in Latin America together with the purpose to help it grow and expand quickly. <\/p>\n\n<p>In the last two years Quantum Latino attracted thousands of attendees, of which about 59% were located in Latin American countries, as well as many quantum leading companies including <a href=\"https:\/\/atos.net\/en\/\" target=\"_blank\" rel=\"noreferrer noopener\">Atos<\/a>, <a href=\"https:\/\/www.honeywell.com\/us\/en\" target=\"_blank\" rel=\"noreferrer noopener\">Honeywell<\/a> and <a href=\"https:\/\/ionq.com\/\" target=\"_blank\" rel=\"noreferrer noopener\">IonQ<\/a>. <\/p>\n\n<p>This year the event will be held not only online, but also at Tecnol\u00f3gico de Monterrey Campus Santa Fe located in the charming Mexico City. From novices to seasoned quantum-ready users, Quantum Latino welcomes a variety of audiences, including businesses, consumers, investors, the government, students, and academic institutions. It encourages the rise of a community of quantum-ready individuals to foster synergies and collaborations to strengthen the quantum ecosystem. You will have the opportunity to meet face to face with many of your peers in quantum community, 3 days continuously! <\/p>\n\n<p>The first day is dedicated to quantum research community to discuss their research and advancements in the quantum technologies. In addition to keynotes, research talks, we will host poster sessions to give students\u00b4 opportunity to show their academic achievements and ideas. <\/p>\n\n<p>The second day will be focussed on the business side of quantum technologies to bring together governmental institutions, investors, startups and end users. There will be Industry talks, workshops, showcases, government initiatives, panel discussions. <\/p>\n\n<p>The third day is dedicated to all the stakeholders in the quantum ecosystem including general public, whoever wants to contribute to or tap into the quantum world. Many interesting activities will be held: poster session, careers event, outreach activities, quantum computing hands-on workshops. <\/p>\n\n<p>It is worth mentioning that there will also be two special programs on site. Career Event on June 14<sup>th<\/sup> offers job search and resume building assistance, as well as opportunities to engage with employers, for people looking to work in the quantum field. <\/p>\n\n<p><\/p>\n\n<p class=\"has-medium-font-size\"><strong>Reviews from past events <\/strong><\/p>\n\n<p><strong>Jenni Strabley from Honeywell<\/strong> <\/p>\n\n<p>\u00a8We were able to give a presentation by Dr. Juan Pino on a lot more the details of our hardware and our technology that was well received and Juan really enjoyed participating in the event. \u00a8 <\/p>\n\n<p><strong>Luis Casuscelli from Atos<\/strong> <\/p>\n\n<p>\u00a8 Quantum Latino es una forma de conectar a esa comunidad que precisa saber lo que est\u00e1 pasando, precisa saber lo que se est\u00e1 haciendo. Sin duda que fue importante la participaci\u00f3n y eso nos acerca a algunas empresas y algunas personas que no nos conoc\u00edamos. Lo veo como una plataforma de conexi\u00f3n muy importante. \u00a8 <\/p>\n\n<p><\/p>\n\n<p class=\"has-black-color has-text-color has-medium-font-size\"><a href=\"https:\/\/quantum-latino.com\/sponsors\/\"><strong>Don\u00b4t miss the opportunity to sponsor the event<\/strong>.<\/a><\/p>\n\n<div class=\"wp-block-buttons is-layout-flex wp-block-buttons-is-layout-flex\">\n<div class=\"wp-block-button\"><a class=\"wp-block-button__link has-background wp-element-button\" href=\"https:\/\/quantum-latino.com\/registration\/\" style=\"background-color:#aa381e\" target=\"_blank\" rel=\"noreferrer noopener\"><strong>Register now<\/strong><\/a><\/div>\n<\/div>\n\n<hr class=\"wp-block-separator has-alpha-channel-opacity is-style-wide\"\/>\n\n<p>REFERENCES <\/p>\n\n[1] <a href=\"http:\/\/www.qureca.com\/fr\/quantum-initiatives-worldwide-update-2023\/\" target=\"_blank\" rel=\"noreferrer noopener\">Quantum Initiatives Worldwide \u2013 Updated 2023<\/a>  <\/p>\n\n<p><\/p>\n\n<p><strong>Organisers<\/strong> <\/p>\n\n<figure class=\"wp-block-image\"><img decoding=\"async\" src=\"https:\/\/i0.wp.com\/quantum-latino.com\/wp-content\/uploads\/2023\/02\/image-1.png?resize=256%2C60&amp;ssl=1\" alt=\"\" class=\"wp-image-71219\"\/><\/figure>\n\n<p>A company that creates global opportunities with Quantum Technologies. They offer all the resources you need to be ready, make a difference, and create value, providing the link between the stakeholders in the quantum community. Some of their services include business development, training and resourcing.<\/p>\n\n<p><a href=\"http:\/\/www.qureca.com\/\">http:\/\/www.qureca.com\/<\/a><\/p>\n\n<figure class=\"wp-block-image\"><img decoding=\"async\" src=\"https:\/\/i0.wp.com\/quantum-latino.com\/wp-content\/uploads\/2023\/02\/image.png?resize=251%2C45&amp;ssl=1\" alt=\"\" class=\"wp-image-71218\"\/><\/figure>\n\n<p>Established in 2019, <strong>Quantum South<\/strong> is a multidisciplinary quantum computing software company, with operations in Europe and Latin America. Quantum-South designs solutions with a quantum computing approach combining expertise in multiple quantum software platforms <\/p>\n\n<p><a href=\"https:\/\/quantum-south.com\/\">https:\/\/quantum-south.com\/<\/a><\/p>\n\n<figure class=\"wp-block-image\"><img decoding=\"async\" src=\"https:\/\/i0.wp.com\/quantum-latino.com\/wp-content\/uploads\/2023\/02\/image-2.png?resize=164%2C164&amp;ssl=1\" alt=\"\" class=\"wp-image-71220\"\/><\/figure>\n\n<p>Established in 2004,<strong> The Unconventional Computing Lab <\/strong>contributes primarily to the understanding of the physical, mathematical, implementation, and societal aspects of computation. The international and multicultural laboratory produces ground-breaking science towards understanding the ultimate capacities and limits of computation imposed by physics and mathematics, developing engineering methods to transform our scientific advances into products and services useful to humanity and non-human animals. <\/p>\n\n<p><a href=\"https:\/\/unconventionalcomputing.org\/\">https:\/\/unconventionalcomputing.org\/<\/a><\/p>\n\n<figure class=\"wp-block-image size-full is-resized\"><img loading=\"lazy\" decoding=\"async\" src=\"http:\/\/www.qureca.com\/wp-content\/uploads\/2023\/04\/Kipu-quantum_logo1.png\" alt=\"\" class=\"wp-image-18220\" width=\"111\" height=\"82\"\/><\/figure>\n\n<p><\/p><p>Kipu Quantum is a German quantum computing startup based in Karlsruhe and Berlin. We design hardware-specific application-dependent quantum computing solutions and quantum algoritms. Kipu has as a central goal to bring quantum advantage to the present of all industry use cases.<br\/><\/p>   <p><a href=\"https:\/\/kipu-quantum.com\/\" target=\"_blank\" rel=\"noreferrer noopener\">https:\/\/kipu-quantum.com\/<\/a> <\/p> \n","protected":false},"excerpt":{"rendered":"<p>The third year of the biggest quantum event in Latin America is here! Register now. This time it will be a hybrid event held both online and in-person in Lima,&#8230;<\/p>\n","protected":false},"author":3,"featured_media":0,"comment_status":"closed","ping_status":"open","sticky":false,"template":"","format":"standard","meta":{"_acf_changed":false,"_price":"","_stock":"","_tribe_ticket_header":"","_tribe_default_ticket_provider":"","_tribe_ticket_capacity":"0","_ticket_start_date":"","_ticket_end_date":"","_tribe_ticket_show_description":"","_tribe_ticket_show_not_going":false,"_tribe_ticket_use_global_stock":"","_tribe_ticket_global_stock_level":"","_global_stock_mode":"","_global_stock_cap":"","_tribe_rsvp_for_event":"","_tribe_ticket_going_count":"","_tribe_ticket_not_going_count":"","_tribe_tickets_list":"[]","_tribe_ticket_has_attendee_info_fields":false,"footnotes":""},"categories":[356,357],"tags":[],"class_list":["post-18345","post","type-post","status-publish","format-standard","hentry","category-quantum-events-fr","category-quantum-in-latin-america-fr"],"acf":[],"yoast_head":"<!-- This site is optimized with the Yoast SEO plugin v27.5 - https:\/\/yoast.com\/product\/yoast-seo-wordpress\/ -->\n<title>Quantum Latino set to return for 3rd year in 2023 - Qureca<\/title>\n<meta name=\"description\" content=\"The third year of the biggest quantum event in Latin America is here! Register now to enjoy the early-bird price. This time it will be a hybrid event held both online and in-person in the amazing Mexico City.\" \/>\n<meta name=\"robots\" content=\"index, follow, max-snippet:-1, max-image-preview:large, max-video-preview:-1\" \/>\n<link rel=\"canonical\" href=\"https:\/\/www.qureca.com\/fr\/quantum-latino-set-to-return-for-3rd-year-in-2023\/\" \/>\n<meta property=\"og:locale\" content=\"fr_FR\" \/>\n<meta property=\"og:type\" content=\"article\" \/>\n<meta property=\"og:title\" content=\"Quantum Latino set to return for 3rd year in 2023 - Qureca\" \/>\n<meta property=\"og:description\" content=\"The third year of the biggest quantum event in Latin America is here! Register now to enjoy the early-bird price. This time it will be a hybrid event held both online and in-person in the amazing Mexico City.\" \/>\n<meta property=\"og:url\" content=\"https:\/\/www.qureca.com\/fr\/quantum-latino-set-to-return-for-3rd-year-in-2023\/\" \/>\n<meta property=\"og:site_name\" content=\"Qureca\" \/>\n<meta property=\"article:published_time\" content=\"2023-05-15T16:56:36+00:00\" \/>\n<meta property=\"og:image\" content=\"http:\/\/www.qureca.com\/wp-content\/uploads\/2023\/04\/Quantum-Latino-2023-1536-&#xD7;-1536-px-1-1024x1024.png\" \/>\n<meta name=\"author\" content=\"Araceli Venegas\" \/>\n<meta name=\"twitter:card\" content=\"summary_large_image\" \/>\n<meta name=\"twitter:label1\" content=\"\u00c9crit par\" \/>\n\t<meta name=\"twitter:data1\" content=\"Araceli Venegas\" \/>\n\t<meta name=\"twitter:label2\" content=\"Dur\u00e9e de lecture estim\u00e9e\" \/>\n\t<meta name=\"twitter:data2\" content=\"4 minutes\" \/>\n<script type=\"application\/ld+json\" class=\"yoast-schema-graph\">{\"@context\":\"https:\\\/\\\/schema.org\",\"@graph\":[{\"@type\":\"Article\",\"@id\":\"https:\\\/\\\/www.qureca.com\\\/fr\\\/quantum-latino-set-to-return-for-3rd-year-in-2023\\\/#article\",\"isPartOf\":{\"@id\":\"https:\\\/\\\/www.qureca.com\\\/fr\\\/quantum-latino-set-to-return-for-3rd-year-in-2023\\\/\"},\"author\":{\"name\":\"Araceli Venegas\",\"@id\":\"https:\\\/\\\/www.qureca.com\\\/fr\\\/#\\\/schema\\\/person\\\/75628ad180d0b752d9c40928ee2c52c9\"},\"headline\":\"Quantum Latino set to return for 3rd year in 2023\",\"datePublished\":\"2023-05-15T16:56:36+00:00\",\"mainEntityOfPage\":{\"@id\":\"https:\\\/\\\/www.qureca.com\\\/fr\\\/quantum-latino-set-to-return-for-3rd-year-in-2023\\\/\"},\"wordCount\":753,\"image\":{\"@id\":\"https:\\\/\\\/www.qureca.com\\\/fr\\\/quantum-latino-set-to-return-for-3rd-year-in-2023\\\/#primaryimage\"},\"thumbnailUrl\":\"http:\\\/\\\/www.qureca.com\\\/wp-content\\\/uploads\\\/2023\\\/04\\\/Quantum-Latino-2023-1536-&#xD7;-1536-px-1-1024x1024.png\",\"articleSection\":[\"Quantum Events\",\"Quantum in Latin America\"],\"inLanguage\":\"fr-FR\"},{\"@type\":\"WebPage\",\"@id\":\"https:\\\/\\\/www.qureca.com\\\/fr\\\/quantum-latino-set-to-return-for-3rd-year-in-2023\\\/\",\"url\":\"https:\\\/\\\/www.qureca.com\\\/fr\\\/quantum-latino-set-to-return-for-3rd-year-in-2023\\\/\",\"name\":\"Quantum Latino set to return for 3rd year in 2023 - Qureca\",\"isPartOf\":{\"@id\":\"https:\\\/\\\/www.qureca.com\\\/fr\\\/#website\"},\"primaryImageOfPage\":{\"@id\":\"https:\\\/\\\/www.qureca.com\\\/fr\\\/quantum-latino-set-to-return-for-3rd-year-in-2023\\\/#primaryimage\"},\"image\":{\"@id\":\"https:\\\/\\\/www.qureca.com\\\/fr\\\/quantum-latino-set-to-return-for-3rd-year-in-2023\\\/#primaryimage\"},\"thumbnailUrl\":\"http:\\\/\\\/www.qureca.com\\\/wp-content\\\/uploads\\\/2023\\\/04\\\/Quantum-Latino-2023-1536-&#xD7;-1536-px-1-1024x1024.png\",\"datePublished\":\"2023-05-15T16:56:36+00:00\",\"author\":{\"@id\":\"https:\\\/\\\/www.qureca.com\\\/fr\\\/#\\\/schema\\\/person\\\/75628ad180d0b752d9c40928ee2c52c9\"},\"description\":\"The third year of the biggest quantum event in Latin America is here! Register now to enjoy the early-bird price. This time it will be a hybrid event held both online and in-person in the amazing Mexico City.\",\"breadcrumb\":{\"@id\":\"https:\\\/\\\/www.qureca.com\\\/fr\\\/quantum-latino-set-to-return-for-3rd-year-in-2023\\\/#breadcrumb\"},\"inLanguage\":\"fr-FR\",\"potentialAction\":[{\"@type\":\"ReadAction\",\"target\":[\"https:\\\/\\\/www.qureca.com\\\/fr\\\/quantum-latino-set-to-return-for-3rd-year-in-2023\\\/\"]}]},{\"@type\":\"ImageObject\",\"inLanguage\":\"fr-FR\",\"@id\":\"https:\\\/\\\/www.qureca.com\\\/fr\\\/quantum-latino-set-to-return-for-3rd-year-in-2023\\\/#primaryimage\",\"url\":\"http:\\\/\\\/www.qureca.com\\\/wp-content\\\/uploads\\\/2023\\\/04\\\/Quantum-Latino-2023-1536-&#xD7;-1536-px-1-1024x1024.png\",\"contentUrl\":\"http:\\\/\\\/www.qureca.com\\\/wp-content\\\/uploads\\\/2023\\\/04\\\/Quantum-Latino-2023-1536-&#xD7;-1536-px-1-1024x1024.png\"},{\"@type\":\"BreadcrumbList\",\"@id\":\"https:\\\/\\\/www.qureca.com\\\/fr\\\/quantum-latino-set-to-return-for-3rd-year-in-2023\\\/#breadcrumb\",\"itemListElement\":[{\"@type\":\"ListItem\",\"position\":1,\"name\":\"Accueil\",\"item\":\"https:\\\/\\\/www.qureca.com\\\/fr\\\/\"},{\"@type\":\"ListItem\",\"position\":2,\"name\":\"Quantum Latino set to return for 3rd year in 2023\"}]},{\"@type\":\"WebSite\",\"@id\":\"https:\\\/\\\/www.qureca.com\\\/fr\\\/#website\",\"url\":\"https:\\\/\\\/www.qureca.com\\\/fr\\\/\",\"name\":\"QURECA\",\"description\":\"Ressources et carri\u00e8res quantiques\",\"potentialAction\":[{\"@type\":\"SearchAction\",\"target\":{\"@type\":\"EntryPoint\",\"urlTemplate\":\"https:\\\/\\\/www.qureca.com\\\/fr\\\/?s={search_term_string}\"},\"query-input\":{\"@type\":\"PropertyValueSpecification\",\"valueRequired\":true,\"valueName\":\"search_term_string\"}}],\"inLanguage\":\"fr-FR\"},{\"@type\":\"Person\",\"@id\":\"https:\\\/\\\/www.qureca.com\\\/fr\\\/#\\\/schema\\\/person\\\/75628ad180d0b752d9c40928ee2c52c9\",\"name\":\"Araceli Venegas\",\"image\":{\"@type\":\"ImageObject\",\"inLanguage\":\"fr-FR\",\"@id\":\"https:\\\/\\\/secure.gravatar.com\\\/avatar\\\/98f4ed3afc7a26ff5a50037d6de5a861210eb89e1df5bc65b578d4aa6c282794?s=96&d=mm&r=g\",\"url\":\"https:\\\/\\\/secure.gravatar.com\\\/avatar\\\/98f4ed3afc7a26ff5a50037d6de5a861210eb89e1df5bc65b578d4aa6c282794?s=96&d=mm&r=g\",\"contentUrl\":\"https:\\\/\\\/secure.gravatar.com\\\/avatar\\\/98f4ed3afc7a26ff5a50037d6de5a861210eb89e1df5bc65b578d4aa6c282794?s=96&d=mm&r=g\",\"caption\":\"Araceli Venegas\"},\"url\":\"https:\\\/\\\/www.qureca.com\\\/fr\\\/author\\\/araceli-venegas-gomezqureca-com\\\/\"}]}<\/script>\n<!-- \/ Yoast SEO plugin. -->","yoast_head_json":{"title":"Quantum Latino set to return for 3rd year in 2023 - Qureca","description":"The third year of the biggest quantum event in Latin America is here! Register now to enjoy the early-bird price. This time it will be a hybrid event held both online and in-person in the amazing Mexico City.","robots":{"index":"index","follow":"follow","max-snippet":"max-snippet:-1","max-image-preview":"max-image-preview:large","max-video-preview":"max-video-preview:-1"},"canonical":"https:\/\/www.qureca.com\/fr\/quantum-latino-set-to-return-for-3rd-year-in-2023\/","og_locale":"fr_FR","og_type":"article","og_title":"Quantum Latino set to return for 3rd year in 2023 - Qureca","og_description":"The third year of the biggest quantum event in Latin America is here! Register now to enjoy the early-bird price. This time it will be a hybrid event held both online and in-person in the amazing Mexico City.","og_url":"https:\/\/www.qureca.com\/fr\/quantum-latino-set-to-return-for-3rd-year-in-2023\/","og_site_name":"Qureca","article_published_time":"2023-05-15T16:56:36+00:00","og_image":[{"url":"http:\/\/www.qureca.com\/wp-content\/uploads\/2023\/04\/Quantum-Latino-2023-1536-&#xD7;-1536-px-1-1024x1024.png","type":"","width":"","height":""}],"author":"Araceli Venegas","twitter_card":"summary_large_image","twitter_misc":{"\u00c9crit par":"Araceli Venegas","Dur\u00e9e de lecture estim\u00e9e":"4 minutes"},"schema":{"@context":"https:\/\/schema.org","@graph":[{"@type":"Article","@id":"https:\/\/www.qureca.com\/fr\/quantum-latino-set-to-return-for-3rd-year-in-2023\/#article","isPartOf":{"@id":"https:\/\/www.qureca.com\/fr\/quantum-latino-set-to-return-for-3rd-year-in-2023\/"},"author":{"name":"Araceli Venegas","@id":"https:\/\/www.qureca.com\/fr\/#\/schema\/person\/75628ad180d0b752d9c40928ee2c52c9"},"headline":"Quantum Latino set to return for 3rd year in 2023","datePublished":"2023-05-15T16:56:36+00:00","mainEntityOfPage":{"@id":"https:\/\/www.qureca.com\/fr\/quantum-latino-set-to-return-for-3rd-year-in-2023\/"},"wordCount":753,"image":{"@id":"https:\/\/www.qureca.com\/fr\/quantum-latino-set-to-return-for-3rd-year-in-2023\/#primaryimage"},"thumbnailUrl":"http:\/\/www.qureca.com\/wp-content\/uploads\/2023\/04\/Quantum-Latino-2023-1536-&#xD7;-1536-px-1-1024x1024.png","articleSection":["Quantum Events","Quantum in Latin America"],"inLanguage":"fr-FR"},{"@type":"WebPage","@id":"https:\/\/www.qureca.com\/fr\/quantum-latino-set-to-return-for-3rd-year-in-2023\/","url":"https:\/\/www.qureca.com\/fr\/quantum-latino-set-to-return-for-3rd-year-in-2023\/","name":"Quantum Latino set to return for 3rd year in 2023 - Qureca","isPartOf":{"@id":"https:\/\/www.qureca.com\/fr\/#website"},"primaryImageOfPage":{"@id":"https:\/\/www.qureca.com\/fr\/quantum-latino-set-to-return-for-3rd-year-in-2023\/#primaryimage"},"image":{"@id":"https:\/\/www.qureca.com\/fr\/quantum-latino-set-to-return-for-3rd-year-in-2023\/#primaryimage"},"thumbnailUrl":"http:\/\/www.qureca.com\/wp-content\/uploads\/2023\/04\/Quantum-Latino-2023-1536-&#xD7;-1536-px-1-1024x1024.png","datePublished":"2023-05-15T16:56:36+00:00","author":{"@id":"https:\/\/www.qureca.com\/fr\/#\/schema\/person\/75628ad180d0b752d9c40928ee2c52c9"},"description":"The third year of the biggest quantum event in Latin America is here! Register now to enjoy the early-bird price. This time it will be a hybrid event held both online and in-person in the amazing Mexico City.","breadcrumb":{"@id":"https:\/\/www.qureca.com\/fr\/quantum-latino-set-to-return-for-3rd-year-in-2023\/#breadcrumb"},"inLanguage":"fr-FR","potentialAction":[{"@type":"ReadAction","target":["https:\/\/www.qureca.com\/fr\/quantum-latino-set-to-return-for-3rd-year-in-2023\/"]}]},{"@type":"ImageObject","inLanguage":"fr-FR","@id":"https:\/\/www.qureca.com\/fr\/quantum-latino-set-to-return-for-3rd-year-in-2023\/#primaryimage","url":"http:\/\/www.qureca.com\/wp-content\/uploads\/2023\/04\/Quantum-Latino-2023-1536-&#xD7;-1536-px-1-1024x1024.png","contentUrl":"http:\/\/www.qureca.com\/wp-content\/uploads\/2023\/04\/Quantum-Latino-2023-1536-&#xD7;-1536-px-1-1024x1024.png"},{"@type":"BreadcrumbList","@id":"https:\/\/www.qureca.com\/fr\/quantum-latino-set-to-return-for-3rd-year-in-2023\/#breadcrumb","itemListElement":[{"@type":"ListItem","position":1,"name":"Accueil","item":"https:\/\/www.qureca.com\/fr\/"},{"@type":"ListItem","position":2,"name":"Quantum Latino set to return for 3rd year in 2023"}]},{"@type":"WebSite","@id":"https:\/\/www.qureca.com\/fr\/#website","url":"https:\/\/www.qureca.com\/fr\/","name":"QURECA","description":"Ressources et carri\u00e8res quantiques","potentialAction":[{"@type":"SearchAction","target":{"@type":"EntryPoint","urlTemplate":"https:\/\/www.qureca.com\/fr\/?s={search_term_string}"},"query-input":{"@type":"PropertyValueSpecification","valueRequired":true,"valueName":"search_term_string"}}],"inLanguage":"fr-FR"},{"@type":"Person","@id":"https:\/\/www.qureca.com\/fr\/#\/schema\/person\/75628ad180d0b752d9c40928ee2c52c9","name":"Araceli Venegas","image":{"@type":"ImageObject","inLanguage":"fr-FR","@id":"https:\/\/secure.gravatar.com\/avatar\/98f4ed3afc7a26ff5a50037d6de5a861210eb89e1df5bc65b578d4aa6c282794?s=96&d=mm&r=g","url":"https:\/\/secure.gravatar.com\/avatar\/98f4ed3afc7a26ff5a50037d6de5a861210eb89e1df5bc65b578d4aa6c282794?s=96&d=mm&r=g","contentUrl":"https:\/\/secure.gravatar.com\/avatar\/98f4ed3afc7a26ff5a50037d6de5a861210eb89e1df5bc65b578d4aa6c282794?s=96&d=mm&r=g","caption":"Araceli Venegas"},"url":"https:\/\/www.qureca.com\/fr\/author\/araceli-venegas-gomezqureca-com\/"}]}},"_links":{"self":[{"href":"https:\/\/www.qureca.com\/fr\/wp-json\/wp\/v2\/posts\/18345","targetHints":{"allow":["GET"]}}],"collection":[{"href":"https:\/\/www.qureca.com\/fr\/wp-json\/wp\/v2\/posts"}],"about":[{"href":"https:\/\/www.qureca.com\/fr\/wp-json\/wp\/v2\/types\/post"}],"author":[{"embeddable":true,"href":"https:\/\/www.qureca.com\/fr\/wp-json\/wp\/v2\/users\/3"}],"replies":[{"embeddable":true,"href":"https:\/\/www.qureca.com\/fr\/wp-json\/wp\/v2\/comments?post=18345"}],"version-history":[{"count":1,"href":"https:\/\/www.qureca.com\/fr\/wp-json\/wp\/v2\/posts\/18345\/revisions"}],"predecessor-version":[{"id":18346,"href":"https:\/\/www.qureca.com\/fr\/wp-json\/wp\/v2\/posts\/18345\/revisions\/18346"}],"wp:attachment":[{"href":"https:\/\/www.qureca.com\/fr\/wp-json\/wp\/v2\/media?parent=18345"}],"wp:term":[{"taxonomy":"category","embeddable":true,"href":"https:\/\/www.qureca.com\/fr\/wp-json\/wp\/v2\/categories?post=18345"},{"taxonomy":"post_tag","embeddable":true,"href":"https:\/\/www.qureca.com\/fr\/wp-json\/wp\/v2\/tags?post=18345"}],"curies":[{"name":"wp","href":"https:\/\/api.w.org\/{rel}","templated":true}]}}