{"id":11134,"date":"2021-09-15T17:36:05","date_gmt":"2021-09-15T17:36:05","guid":{"rendered":"http:\/\/ctqywot.cluster028.hosting.ovh.net\/the-quantum-daily-and-qureca-to-host-careers-in-quantum-technologies-to-match-right-quantum-workers-to-the-right-quantum-workplace\/"},"modified":"2022-04-12T21:55:13","modified_gmt":"2022-04-12T21:55:13","slug":"the-quantum-daily-and-qureca-to-host-careers-in-quantum-technologies-to-match-right-quantum-workers-to-the-right-quantum-workplace","status":"publish","type":"post","link":"https:\/\/www.qureca.com\/fr\/the-quantum-daily-and-qureca-to-host-careers-in-quantum-technologies-to-match-right-quantum-workers-to-the-right-quantum-workplace\/","title":{"rendered":"The Quantum Daily and Qureca to Host \u2018Careers in Quantum Technologies\u2019 To Match Right Quantum Workers to The Right Quantum Workplace"},"content":{"rendered":"\n<p><\/p>\n\n<div class=\"wp-block-image\"><figure class=\"aligncenter size-large\"><img loading=\"lazy\" decoding=\"async\" width=\"540\" height=\"381\" src=\"http:\/\/www.qureca.com\/wp-content\/uploads\/2021\/05\/Screen-Shot-2021-05-21-at-2.52.49-PM.png\" alt=\"The Quantum Daily and Qureca present Careers in Quantum, a global jobs fair.\" class=\"wp-image-11136\" srcset=\"https:\/\/www.qureca.com\/wp-content\/uploads\/2021\/05\/Screen-Shot-2021-05-21-at-2.52.49-PM.png 540w, https:\/\/www.qureca.com\/wp-content\/uploads\/2021\/05\/Screen-Shot-2021-05-21-at-2.52.49-PM-300x212.png 300w\" sizes=\"auto, (max-width: 540px) 100vw, 540px\" \/><figcaption><em>The Quantum Daily and Qureca present Careers in Quantum, a global jobs fair.<\/em><\/figcaption><\/figure><\/div>\n\n<p>One of the main concerns for business and organizations in the quantum industry is finding the right workers. For workers, their main concern is finding a workplace that is a good fit for their skills and aspirations.<\/p>\n\n<p>That\u2019s why <a href=\"http:\/\/www.thequantumdaily.com\/\" target=\"_blank\" rel=\"noreferrer noopener\">The Quantum Daily<\/a> and <a href=\"http:\/\/www.qureca.com\/fr\/\" target=\"_blank\" rel=\"noreferrer noopener\">Qureca<\/a> are hosting \u2018Careers in Quantum Technologies\u2019 on June 24.<\/p>\n\n<p>\u201cThis is something that we\u2019ve heard time and time again as we meet people hoping to make a difference in the quantum community,\u201d said Alex Challans, CEO of The Quantum Daily. \u201cQuantum businesses are scaling at an unbelievable rate, but to make that growth sustainable, they need the right people. For quantum experts, it\u2019s unlikely they\u2019ll find a quantum job in their backyard, or down the street, so they need to network globally. That\u2019s what this conference is trying to accomplish.\u201d<\/p>\n\n<p>At the event, workers will have a chance to network with the world\u2019s leading employers in the quantum technology landscape. Quantum employers have a chance to connect with the world\u2019s most highly trained and educated quantum workers.<\/p>\n\n<p>Bringing these two communities together is an important step for the quantum ecosystem.<\/p>\n\n<p>\u201cIn the last years, there are many more companies facing difficulties to hire specific talent. At QURECA, we provide recruitment services directly, but the success of last year Quantum Careers event was a clear sign that we needed to enable further connections between job seekers and quantum companies around the world\u201d, said Araceli Venegas-Gomez, CEO of QURECA. \u201cWith this event, we want to bring the community closer, where individuals and companies can discuss and understand where we are in terms of skills and competences needed to drive the quantum ecosystem further\u201d.<\/p>\n\n<p>The convenient half-day event will feature keynotes, sponsor company talks, speed networking and company booths. Workers can meet potential employers and discuss opportunities on a one-to-one basis.<\/p>\n\n<p>To enquire about sponsorship please contact us at <a href=\"mailto:hello@thequantumdaily.com\" target=\"_blank\" rel=\"noreferrer noopener\">hello@thequantumdaily.com<\/a><br\/>Click the link below to sign up:<br\/><a href=\"https:\/\/www.airmeet.com\/e\/1edc6fb0-b7c7-11eb-b3b0-8bfabb804588\" target=\"_blank\" rel=\"noreferrer noopener\">https:\/\/www.airmeet.com\/e\/1edc6fb0-b7c7-11eb-b3b0-8bfabb804588<\/a><\/p>\n","protected":false},"excerpt":{"rendered":"<p>One of the main concerns for business and organizations in the quantum industry is finding the right workers. For workers, their main concern is finding a workplace that is a&#8230;<\/p>\n","protected":false},"author":3,"featured_media":0,"comment_status":"closed","ping_status":"open","sticky":false,"template":"","format":"standard","meta":{"_acf_changed":false,"_price":"","_stock":"","_tribe_ticket_header":"","_tribe_default_ticket_provider":"","_tribe_ticket_capacity":"0","_ticket_start_date":"","_ticket_end_date":"","_tribe_ticket_show_description":"","_tribe_ticket_show_not_going":false,"_tribe_ticket_use_global_stock":"","_tribe_ticket_global_stock_level":"","_global_stock_mode":"","_global_stock_cap":"","_tribe_rsvp_for_event":"","_tribe_ticket_going_count":"","_tribe_ticket_not_going_count":"","_tribe_tickets_list":"[]","_tribe_ticket_has_attendee_info_fields":false,"footnotes":""},"categories":[187,184],"tags":[],"class_list":["post-11134","post","type-post","status-publish","format-standard","hentry","category-main-doeuvre-quantique","category-nouvelles-de-qureca"],"acf":[],"yoast_head":"<!-- This site is optimized with the Yoast SEO plugin v27.4 - https:\/\/yoast.com\/product\/yoast-seo-wordpress\/ -->\n<title>The Quantum Daily and Qureca to Host \u2018Careers in Quantum Technologies\u2019 To Match Right Quantum Workers to The Right Quantum Workplace - Qureca<\/title>\n<meta name=\"description\" content=\"The Quantum Technologies Careers Fair connects leading employers with ambitious talent to Match Right Quantum Workers to The Right Quantum Workplace.\" \/>\n<meta name=\"robots\" content=\"index, follow, max-snippet:-1, max-image-preview:large, max-video-preview:-1\" \/>\n<link rel=\"canonical\" href=\"https:\/\/www.qureca.com\/fr\/the-quantum-daily-and-qureca-to-host-careers-in-quantum-technologies-to-match-right-quantum-workers-to-the-right-quantum-workplace\/\" \/>\n<meta property=\"og:locale\" content=\"fr_FR\" \/>\n<meta property=\"og:type\" content=\"article\" \/>\n<meta property=\"og:title\" content=\"The Quantum Daily and Qureca to Host \u2018Careers in Quantum Technologies\u2019 To Match Right Quantum Workers to The Right Quantum Workplace - Qureca\" \/>\n<meta property=\"og:description\" content=\"The Quantum Technologies Careers Fair connects leading employers with ambitious talent to Match Right Quantum Workers to The Right Quantum Workplace.\" \/>\n<meta property=\"og:url\" content=\"https:\/\/www.qureca.com\/fr\/the-quantum-daily-and-qureca-to-host-careers-in-quantum-technologies-to-match-right-quantum-workers-to-the-right-quantum-workplace\/\" \/>\n<meta property=\"og:site_name\" content=\"Qureca\" \/>\n<meta property=\"article:published_time\" content=\"2021-09-15T17:36:05+00:00\" \/>\n<meta property=\"article:modified_time\" content=\"2022-04-12T21:55:13+00:00\" \/>\n<meta property=\"og:image\" content=\"http:\/\/www.qureca.com\/wp-content\/uploads\/2021\/05\/Screen-Shot-2021-05-21-at-2.52.49-PM.png\" \/>\n<meta name=\"author\" content=\"Araceli Venegas\" \/>\n<meta name=\"twitter:card\" content=\"summary_large_image\" \/>\n<meta name=\"twitter:label1\" content=\"\u00c9crit par\" \/>\n\t<meta name=\"twitter:data1\" content=\"Araceli Venegas\" \/>\n\t<meta name=\"twitter:label2\" content=\"Dur\u00e9e de lecture estim\u00e9e\" \/>\n\t<meta name=\"twitter:data2\" content=\"2 minutes\" \/>\n<script type=\"application\/ld+json\" class=\"yoast-schema-graph\">{\"@context\":\"https:\\\/\\\/schema.org\",\"@graph\":[{\"@type\":\"Article\",\"@id\":\"https:\\\/\\\/www.qureca.com\\\/fr\\\/the-quantum-daily-and-qureca-to-host-careers-in-quantum-technologies-to-match-right-quantum-workers-to-the-right-quantum-workplace\\\/#article\",\"isPartOf\":{\"@id\":\"https:\\\/\\\/www.qureca.com\\\/fr\\\/the-quantum-daily-and-qureca-to-host-careers-in-quantum-technologies-to-match-right-quantum-workers-to-the-right-quantum-workplace\\\/\"},\"author\":{\"name\":\"Araceli Venegas\",\"@id\":\"https:\\\/\\\/www.qureca.com\\\/fr\\\/#\\\/schema\\\/person\\\/75628ad180d0b752d9c40928ee2c52c9\"},\"headline\":\"The Quantum Daily and Qureca to Host \u2018Careers in Quantum Technologies\u2019 To Match Right Quantum Workers to The Right Quantum Workplace\",\"datePublished\":\"2021-09-15T17:36:05+00:00\",\"dateModified\":\"2022-04-12T21:55:13+00:00\",\"mainEntityOfPage\":{\"@id\":\"https:\\\/\\\/www.qureca.com\\\/fr\\\/the-quantum-daily-and-qureca-to-host-careers-in-quantum-technologies-to-match-right-quantum-workers-to-the-right-quantum-workplace\\\/\"},\"wordCount\":374,\"image\":{\"@id\":\"https:\\\/\\\/www.qureca.com\\\/fr\\\/the-quantum-daily-and-qureca-to-host-careers-in-quantum-technologies-to-match-right-quantum-workers-to-the-right-quantum-workplace\\\/#primaryimage\"},\"thumbnailUrl\":\"http:\\\/\\\/www.qureca.com\\\/wp-content\\\/uploads\\\/2021\\\/05\\\/Screen-Shot-2021-05-21-at-2.52.49-PM.png\",\"articleSection\":[\"Main-d&#039;\u0153uvre quantique\",\"Nouvelles de QURECA\"],\"inLanguage\":\"fr-FR\"},{\"@type\":\"WebPage\",\"@id\":\"https:\\\/\\\/www.qureca.com\\\/fr\\\/the-quantum-daily-and-qureca-to-host-careers-in-quantum-technologies-to-match-right-quantum-workers-to-the-right-quantum-workplace\\\/\",\"url\":\"https:\\\/\\\/www.qureca.com\\\/fr\\\/the-quantum-daily-and-qureca-to-host-careers-in-quantum-technologies-to-match-right-quantum-workers-to-the-right-quantum-workplace\\\/\",\"name\":\"The Quantum Daily and Qureca to Host \u2018Careers in Quantum Technologies\u2019 To Match Right Quantum Workers to The Right Quantum Workplace - Qureca\",\"isPartOf\":{\"@id\":\"https:\\\/\\\/www.qureca.com\\\/fr\\\/#website\"},\"primaryImageOfPage\":{\"@id\":\"https:\\\/\\\/www.qureca.com\\\/fr\\\/the-quantum-daily-and-qureca-to-host-careers-in-quantum-technologies-to-match-right-quantum-workers-to-the-right-quantum-workplace\\\/#primaryimage\"},\"image\":{\"@id\":\"https:\\\/\\\/www.qureca.com\\\/fr\\\/the-quantum-daily-and-qureca-to-host-careers-in-quantum-technologies-to-match-right-quantum-workers-to-the-right-quantum-workplace\\\/#primaryimage\"},\"thumbnailUrl\":\"http:\\\/\\\/www.qureca.com\\\/wp-content\\\/uploads\\\/2021\\\/05\\\/Screen-Shot-2021-05-21-at-2.52.49-PM.png\",\"datePublished\":\"2021-09-15T17:36:05+00:00\",\"dateModified\":\"2022-04-12T21:55:13+00:00\",\"author\":{\"@id\":\"https:\\\/\\\/www.qureca.com\\\/fr\\\/#\\\/schema\\\/person\\\/75628ad180d0b752d9c40928ee2c52c9\"},\"description\":\"The Quantum Technologies Careers Fair connects leading employers with ambitious talent to Match Right Quantum Workers to The Right Quantum Workplace.\",\"breadcrumb\":{\"@id\":\"https:\\\/\\\/www.qureca.com\\\/fr\\\/the-quantum-daily-and-qureca-to-host-careers-in-quantum-technologies-to-match-right-quantum-workers-to-the-right-quantum-workplace\\\/#breadcrumb\"},\"inLanguage\":\"fr-FR\",\"potentialAction\":[{\"@type\":\"ReadAction\",\"target\":[\"https:\\\/\\\/www.qureca.com\\\/fr\\\/the-quantum-daily-and-qureca-to-host-careers-in-quantum-technologies-to-match-right-quantum-workers-to-the-right-quantum-workplace\\\/\"]}]},{\"@type\":\"ImageObject\",\"inLanguage\":\"fr-FR\",\"@id\":\"https:\\\/\\\/www.qureca.com\\\/fr\\\/the-quantum-daily-and-qureca-to-host-careers-in-quantum-technologies-to-match-right-quantum-workers-to-the-right-quantum-workplace\\\/#primaryimage\",\"url\":\"http:\\\/\\\/www.qureca.com\\\/wp-content\\\/uploads\\\/2021\\\/05\\\/Screen-Shot-2021-05-21-at-2.52.49-PM.png\",\"contentUrl\":\"http:\\\/\\\/www.qureca.com\\\/wp-content\\\/uploads\\\/2021\\\/05\\\/Screen-Shot-2021-05-21-at-2.52.49-PM.png\"},{\"@type\":\"BreadcrumbList\",\"@id\":\"https:\\\/\\\/www.qureca.com\\\/fr\\\/the-quantum-daily-and-qureca-to-host-careers-in-quantum-technologies-to-match-right-quantum-workers-to-the-right-quantum-workplace\\\/#breadcrumb\",\"itemListElement\":[{\"@type\":\"ListItem\",\"position\":1,\"name\":\"Accueil\",\"item\":\"https:\\\/\\\/www.qureca.com\\\/fr\\\/\"},{\"@type\":\"ListItem\",\"position\":2,\"name\":\"The Quantum Daily and Qureca to Host \u2018Careers in Quantum Technologies\u2019 To Match Right Quantum Workers to The Right Quantum Workplace\"}]},{\"@type\":\"WebSite\",\"@id\":\"https:\\\/\\\/www.qureca.com\\\/fr\\\/#website\",\"url\":\"https:\\\/\\\/www.qureca.com\\\/fr\\\/\",\"name\":\"QURECA\",\"description\":\"Ressources et carri\u00e8res quantiques\",\"potentialAction\":[{\"@type\":\"SearchAction\",\"target\":{\"@type\":\"EntryPoint\",\"urlTemplate\":\"https:\\\/\\\/www.qureca.com\\\/fr\\\/?s={search_term_string}\"},\"query-input\":{\"@type\":\"PropertyValueSpecification\",\"valueRequired\":true,\"valueName\":\"search_term_string\"}}],\"inLanguage\":\"fr-FR\"},{\"@type\":\"Person\",\"@id\":\"https:\\\/\\\/www.qureca.com\\\/fr\\\/#\\\/schema\\\/person\\\/75628ad180d0b752d9c40928ee2c52c9\",\"name\":\"Araceli Venegas\",\"image\":{\"@type\":\"ImageObject\",\"inLanguage\":\"fr-FR\",\"@id\":\"https:\\\/\\\/secure.gravatar.com\\\/avatar\\\/98f4ed3afc7a26ff5a50037d6de5a861210eb89e1df5bc65b578d4aa6c282794?s=96&d=mm&r=g\",\"url\":\"https:\\\/\\\/secure.gravatar.com\\\/avatar\\\/98f4ed3afc7a26ff5a50037d6de5a861210eb89e1df5bc65b578d4aa6c282794?s=96&d=mm&r=g\",\"contentUrl\":\"https:\\\/\\\/secure.gravatar.com\\\/avatar\\\/98f4ed3afc7a26ff5a50037d6de5a861210eb89e1df5bc65b578d4aa6c282794?s=96&d=mm&r=g\",\"caption\":\"Araceli Venegas\"},\"url\":\"https:\\\/\\\/www.qureca.com\\\/fr\\\/author\\\/araceli-venegas-gomezqureca-com\\\/\"}]}<\/script>\n<!-- \/ Yoast SEO plugin. -->","yoast_head_json":{"title":"The Quantum Daily and Qureca to Host \u2018Careers in Quantum Technologies\u2019 To Match Right Quantum Workers to The Right Quantum Workplace - Qureca","description":"The Quantum Technologies Careers Fair connects leading employers with ambitious talent to Match Right Quantum Workers to The Right Quantum Workplace.","robots":{"index":"index","follow":"follow","max-snippet":"max-snippet:-1","max-image-preview":"max-image-preview:large","max-video-preview":"max-video-preview:-1"},"canonical":"https:\/\/www.qureca.com\/fr\/the-quantum-daily-and-qureca-to-host-careers-in-quantum-technologies-to-match-right-quantum-workers-to-the-right-quantum-workplace\/","og_locale":"fr_FR","og_type":"article","og_title":"The Quantum Daily and Qureca to Host \u2018Careers in Quantum Technologies\u2019 To Match Right Quantum Workers to The Right Quantum Workplace - Qureca","og_description":"The Quantum Technologies Careers Fair connects leading employers with ambitious talent to Match Right Quantum Workers to The Right Quantum Workplace.","og_url":"https:\/\/www.qureca.com\/fr\/the-quantum-daily-and-qureca-to-host-careers-in-quantum-technologies-to-match-right-quantum-workers-to-the-right-quantum-workplace\/","og_site_name":"Qureca","article_published_time":"2021-09-15T17:36:05+00:00","article_modified_time":"2022-04-12T21:55:13+00:00","og_image":[{"url":"http:\/\/www.qureca.com\/wp-content\/uploads\/2021\/05\/Screen-Shot-2021-05-21-at-2.52.49-PM.png","type":"","width":"","height":""}],"author":"Araceli Venegas","twitter_card":"summary_large_image","twitter_misc":{"\u00c9crit par":"Araceli Venegas","Dur\u00e9e de lecture estim\u00e9e":"2 minutes"},"schema":{"@context":"https:\/\/schema.org","@graph":[{"@type":"Article","@id":"https:\/\/www.qureca.com\/fr\/the-quantum-daily-and-qureca-to-host-careers-in-quantum-technologies-to-match-right-quantum-workers-to-the-right-quantum-workplace\/#article","isPartOf":{"@id":"https:\/\/www.qureca.com\/fr\/the-quantum-daily-and-qureca-to-host-careers-in-quantum-technologies-to-match-right-quantum-workers-to-the-right-quantum-workplace\/"},"author":{"name":"Araceli Venegas","@id":"https:\/\/www.qureca.com\/fr\/#\/schema\/person\/75628ad180d0b752d9c40928ee2c52c9"},"headline":"The Quantum Daily and Qureca to Host \u2018Careers in Quantum Technologies\u2019 To Match Right Quantum Workers to The Right Quantum Workplace","datePublished":"2021-09-15T17:36:05+00:00","dateModified":"2022-04-12T21:55:13+00:00","mainEntityOfPage":{"@id":"https:\/\/www.qureca.com\/fr\/the-quantum-daily-and-qureca-to-host-careers-in-quantum-technologies-to-match-right-quantum-workers-to-the-right-quantum-workplace\/"},"wordCount":374,"image":{"@id":"https:\/\/www.qureca.com\/fr\/the-quantum-daily-and-qureca-to-host-careers-in-quantum-technologies-to-match-right-quantum-workers-to-the-right-quantum-workplace\/#primaryimage"},"thumbnailUrl":"http:\/\/www.qureca.com\/wp-content\/uploads\/2021\/05\/Screen-Shot-2021-05-21-at-2.52.49-PM.png","articleSection":["Main-d&#039;\u0153uvre quantique","Nouvelles de QURECA"],"inLanguage":"fr-FR"},{"@type":"WebPage","@id":"https:\/\/www.qureca.com\/fr\/the-quantum-daily-and-qureca-to-host-careers-in-quantum-technologies-to-match-right-quantum-workers-to-the-right-quantum-workplace\/","url":"https:\/\/www.qureca.com\/fr\/the-quantum-daily-and-qureca-to-host-careers-in-quantum-technologies-to-match-right-quantum-workers-to-the-right-quantum-workplace\/","name":"The Quantum Daily and Qureca to Host \u2018Careers in Quantum Technologies\u2019 To Match Right Quantum Workers to The Right Quantum Workplace - Qureca","isPartOf":{"@id":"https:\/\/www.qureca.com\/fr\/#website"},"primaryImageOfPage":{"@id":"https:\/\/www.qureca.com\/fr\/the-quantum-daily-and-qureca-to-host-careers-in-quantum-technologies-to-match-right-quantum-workers-to-the-right-quantum-workplace\/#primaryimage"},"image":{"@id":"https:\/\/www.qureca.com\/fr\/the-quantum-daily-and-qureca-to-host-careers-in-quantum-technologies-to-match-right-quantum-workers-to-the-right-quantum-workplace\/#primaryimage"},"thumbnailUrl":"http:\/\/www.qureca.com\/wp-content\/uploads\/2021\/05\/Screen-Shot-2021-05-21-at-2.52.49-PM.png","datePublished":"2021-09-15T17:36:05+00:00","dateModified":"2022-04-12T21:55:13+00:00","author":{"@id":"https:\/\/www.qureca.com\/fr\/#\/schema\/person\/75628ad180d0b752d9c40928ee2c52c9"},"description":"The Quantum Technologies Careers Fair connects leading employers with ambitious talent to Match Right Quantum Workers to The Right Quantum Workplace.","breadcrumb":{"@id":"https:\/\/www.qureca.com\/fr\/the-quantum-daily-and-qureca-to-host-careers-in-quantum-technologies-to-match-right-quantum-workers-to-the-right-quantum-workplace\/#breadcrumb"},"inLanguage":"fr-FR","potentialAction":[{"@type":"ReadAction","target":["https:\/\/www.qureca.com\/fr\/the-quantum-daily-and-qureca-to-host-careers-in-quantum-technologies-to-match-right-quantum-workers-to-the-right-quantum-workplace\/"]}]},{"@type":"ImageObject","inLanguage":"fr-FR","@id":"https:\/\/www.qureca.com\/fr\/the-quantum-daily-and-qureca-to-host-careers-in-quantum-technologies-to-match-right-quantum-workers-to-the-right-quantum-workplace\/#primaryimage","url":"http:\/\/www.qureca.com\/wp-content\/uploads\/2021\/05\/Screen-Shot-2021-05-21-at-2.52.49-PM.png","contentUrl":"http:\/\/www.qureca.com\/wp-content\/uploads\/2021\/05\/Screen-Shot-2021-05-21-at-2.52.49-PM.png"},{"@type":"BreadcrumbList","@id":"https:\/\/www.qureca.com\/fr\/the-quantum-daily-and-qureca-to-host-careers-in-quantum-technologies-to-match-right-quantum-workers-to-the-right-quantum-workplace\/#breadcrumb","itemListElement":[{"@type":"ListItem","position":1,"name":"Accueil","item":"https:\/\/www.qureca.com\/fr\/"},{"@type":"ListItem","position":2,"name":"The Quantum Daily and Qureca to Host \u2018Careers in Quantum Technologies\u2019 To Match Right Quantum Workers to The Right Quantum Workplace"}]},{"@type":"WebSite","@id":"https:\/\/www.qureca.com\/fr\/#website","url":"https:\/\/www.qureca.com\/fr\/","name":"QURECA","description":"Ressources et carri\u00e8res quantiques","potentialAction":[{"@type":"SearchAction","target":{"@type":"EntryPoint","urlTemplate":"https:\/\/www.qureca.com\/fr\/?s={search_term_string}"},"query-input":{"@type":"PropertyValueSpecification","valueRequired":true,"valueName":"search_term_string"}}],"inLanguage":"fr-FR"},{"@type":"Person","@id":"https:\/\/www.qureca.com\/fr\/#\/schema\/person\/75628ad180d0b752d9c40928ee2c52c9","name":"Araceli Venegas","image":{"@type":"ImageObject","inLanguage":"fr-FR","@id":"https:\/\/secure.gravatar.com\/avatar\/98f4ed3afc7a26ff5a50037d6de5a861210eb89e1df5bc65b578d4aa6c282794?s=96&d=mm&r=g","url":"https:\/\/secure.gravatar.com\/avatar\/98f4ed3afc7a26ff5a50037d6de5a861210eb89e1df5bc65b578d4aa6c282794?s=96&d=mm&r=g","contentUrl":"https:\/\/secure.gravatar.com\/avatar\/98f4ed3afc7a26ff5a50037d6de5a861210eb89e1df5bc65b578d4aa6c282794?s=96&d=mm&r=g","caption":"Araceli Venegas"},"url":"https:\/\/www.qureca.com\/fr\/author\/araceli-venegas-gomezqureca-com\/"}]}},"_links":{"self":[{"href":"https:\/\/www.qureca.com\/fr\/wp-json\/wp\/v2\/posts\/11134","targetHints":{"allow":["GET"]}}],"collection":[{"href":"https:\/\/www.qureca.com\/fr\/wp-json\/wp\/v2\/posts"}],"about":[{"href":"https:\/\/www.qureca.com\/fr\/wp-json\/wp\/v2\/types\/post"}],"author":[{"embeddable":true,"href":"https:\/\/www.qureca.com\/fr\/wp-json\/wp\/v2\/users\/3"}],"replies":[{"embeddable":true,"href":"https:\/\/www.qureca.com\/fr\/wp-json\/wp\/v2\/comments?post=11134"}],"version-history":[{"count":4,"href":"https:\/\/www.qureca.com\/fr\/wp-json\/wp\/v2\/posts\/11134\/revisions"}],"predecessor-version":[{"id":14902,"href":"https:\/\/www.qureca.com\/fr\/wp-json\/wp\/v2\/posts\/11134\/revisions\/14902"}],"wp:attachment":[{"href":"https:\/\/www.qureca.com\/fr\/wp-json\/wp\/v2\/media?parent=11134"}],"wp:term":[{"taxonomy":"category","embeddable":true,"href":"https:\/\/www.qureca.com\/fr\/wp-json\/wp\/v2\/categories?post=11134"},{"taxonomy":"post_tag","embeddable":true,"href":"https:\/\/www.qureca.com\/fr\/wp-json\/wp\/v2\/tags?post=11134"}],"curies":[{"name":"wp","href":"https:\/\/api.w.org\/{rel}","templated":true}]}}