{"id":15038,"date":"2022-04-25T19:45:46","date_gmt":"2022-04-25T19:45:46","guid":{"rendered":"http:\/\/ctqywot.cluster028.hosting.ovh.net\/from-a-career-fair-to-a-career-in-quantum-machines\/"},"modified":"2022-04-25T19:48:08","modified_gmt":"2022-04-25T19:48:08","slug":"from-a-career-fair-to-a-career-in-quantum-machines","status":"publish","type":"post","link":"https:\/\/www.qureca.com\/es\/from-a-career-fair-to-a-career-in-quantum-machines\/","title":{"rendered":"From a Career Fair to a Career in Quantum Machines"},"content":{"rendered":"\n<h4 class=\"wp-block-heading\">Lorenzo from Quantum Machines<\/h4>\n\n<p>On March 3<sup>rd<\/sup>, 2022, <a href=\"http:\/\/www.qureca.com\/es\/\">QURECA Ltd<\/a>, in a joint venture with <a href=\"https:\/\/thequantuminsider.com\/\">The Quantum Insider<\/a>, hosted the Career Quantum Fair 2022. Amongst the participating companies were <a href=\"https:\/\/quantum-machines.co\/\">Quantum Machines<\/a>, one of the leading Quantum companies worldwide, providing Quantum Orchestration Platform (QOP), \u201cthe choice of the top experts around the globe.\u201d<\/p>\n\n<p>The long story short you are about to read concerns the successful recruitment of Lorenzo Leandro, successfully hired during the previous Career Quantum Fair in 2021 (relive the experience <a href=\"https:\/\/www.youtube.com\/c\/QURECAQuantumResourcesandCareers\/playlists\">here<\/a>).<\/p>\n\n<p>We are still to know the outcome of the most recent fair in March 2022. In the meantime, you can <a href=\"http:\/\/www.qureca.com\/es\/\">subscribe to our newsletter<\/a> for fresh and crunchy insights or <a href=\"http:\/\/www.qureca.com\/es\/eventos\/\">career events<\/a> opportunities.<\/p>\n\n<div class=\"wp-block-group\"><div class=\"wp-block-group__inner-container is-layout-flow wp-block-group-is-layout-flow\">\n<div class=\"wp-block-group has-white-color has-black-background-color has-text-color has-background is-content-justification-space-between is-layout-flex wp-container-core-group-is-layout-e63a74ff wp-block-group-is-layout-flex\">\n<div class=\"wp-block-columns are-vertically-aligned-center is-layout-flex wp-container-core-columns-is-layout-9d6595d7 wp-block-columns-is-layout-flex\">\n<div class=\"wp-block-column is-vertically-aligned-center is-layout-flow wp-block-column-is-layout-flow\" style=\"flex-basis:25%\">\n<div class=\"wp-block-image\"><figure class=\"alignright size-full is-resized\"><img loading=\"lazy\" decoding=\"async\" src=\"http:\/\/www.qureca.com\/wp-content\/uploads\/2022\/03\/cropped_AVG_01.png\" alt=\"Araceli Venegas-Gomez Founder and CEO QURECA Ltd\" class=\"wp-image-14606\" width=\"160\" height=\"160\" srcset=\"https:\/\/www.qureca.com\/wp-content\/uploads\/2022\/03\/cropped_AVG_01.png 432w, https:\/\/www.qureca.com\/wp-content\/uploads\/2022\/03\/cropped_AVG_01-300x300.png 300w, https:\/\/www.qureca.com\/wp-content\/uploads\/2022\/03\/cropped_AVG_01-150x150.png 150w\" sizes=\"auto, (max-width: 160px) 100vw, 160px\" \/><\/figure><\/div>\n<\/div>\n\n\n\n<div class=\"wp-block-column is-vertically-aligned-center is-layout-flow wp-block-column-is-layout-flow\" style=\"flex-basis:50%\">\n<p class=\"has-medium-font-size\"><strong>What were you expecting at the event when you joined last year?<\/strong><\/p>\n\n\n\n<p>I wanted to get a better idea of what is happening on the industrial side of quantum technology. After only working in quantum within academia, I was curious to know what was new and what career opportunities were out there.<br\/>So I guess I hoped to binge-watch talks from cool companies and talk with some people about the field. I wasn&#8217;t specifically looking for a job.<\/p>\n<\/div>\n\n\n\n<div class=\"wp-block-column is-vertically-aligned-center is-layout-flow wp-block-column-is-layout-flow\" style=\"flex-basis:25%\">\n<figure class=\"wp-block-image size-full is-resized\"><img loading=\"lazy\" decoding=\"async\" src=\"http:\/\/www.qureca.com\/wp-content\/uploads\/2022\/03\/cropped_CVPic_lowres.jpg.png\" alt=\"Lorenzo Leandro from Quantum Machines\" class=\"wp-image-14609\" width=\"171\" height=\"171\" srcset=\"https:\/\/www.qureca.com\/wp-content\/uploads\/2022\/03\/cropped_CVPic_lowres.jpg.png 432w, https:\/\/www.qureca.com\/wp-content\/uploads\/2022\/03\/cropped_CVPic_lowres.jpg-300x300.png 300w, https:\/\/www.qureca.com\/wp-content\/uploads\/2022\/03\/cropped_CVPic_lowres.jpg-150x150.png 150w\" sizes=\"auto, (max-width: 171px) 100vw, 171px\" \/><\/figure>\n<\/div>\n<\/div>\n\n\n\n<p class=\"has-text-align-center\">___________________<\/p>\n\n\n\n<p class=\"has-text-align-center\">___________________<\/p>\n\n\n\n<div class=\"wp-block-columns are-vertically-aligned-center is-layout-flex wp-container-core-columns-is-layout-9d6595d7 wp-block-columns-is-layout-flex\">\n<div class=\"wp-block-column is-vertically-aligned-center is-layout-flow wp-block-column-is-layout-flow\" style=\"flex-basis:25%\">\n<div class=\"wp-block-image\"><figure class=\"alignright size-full is-resized\"><img loading=\"lazy\" decoding=\"async\" src=\"http:\/\/www.qureca.com\/wp-content\/uploads\/2022\/03\/cropped_AVG_01.png\" alt=\"Araceli Venegas-Gomez Founder and CEO QURECA Ltd\" class=\"wp-image-14606\" width=\"160\" height=\"160\" srcset=\"https:\/\/www.qureca.com\/wp-content\/uploads\/2022\/03\/cropped_AVG_01.png 432w, https:\/\/www.qureca.com\/wp-content\/uploads\/2022\/03\/cropped_AVG_01-300x300.png 300w, https:\/\/www.qureca.com\/wp-content\/uploads\/2022\/03\/cropped_AVG_01-150x150.png 150w\" sizes=\"auto, (max-width: 160px) 100vw, 160px\" \/><\/figure><\/div>\n<\/div>\n\n\n\n<div class=\"wp-block-column is-vertically-aligned-center is-layout-flow wp-block-column-is-layout-flow\" style=\"flex-basis:50%\">\n<p class=\"has-medium-font-size\"><strong><strong>How was the conversation with Quantum Machines during the event?<\/strong> <\/strong><\/p>\n\n\n\n<p class=\"has-drop-cap\">The Quantum Machines presentation was very interesting so I joined them at their booth and met Elisha, one of the solution engineers at QM. His knowledge and passion impressed me. I came out of our 10min discussion eager to learn more about the company.<br\/>I found it interesting to see how QM understands the needs of its employees as well as the needs of the field. They understood that successful growth requires hiring globally, so they handled it quickly and smoothly.<\/p>\n<\/div>\n\n\n\n<div class=\"wp-block-column is-vertically-aligned-center is-layout-flow wp-block-column-is-layout-flow\" style=\"flex-basis:25%\">\n<figure class=\"wp-block-image size-full is-resized\"><img loading=\"lazy\" decoding=\"async\" src=\"http:\/\/www.qureca.com\/wp-content\/uploads\/2022\/03\/cropped_CVPic_lowres.jpg.png\" alt=\"Lorenzo Leandro from Quantum Machines\" class=\"wp-image-14609\" width=\"171\" height=\"171\" srcset=\"https:\/\/www.qureca.com\/wp-content\/uploads\/2022\/03\/cropped_CVPic_lowres.jpg.png 432w, https:\/\/www.qureca.com\/wp-content\/uploads\/2022\/03\/cropped_CVPic_lowres.jpg-300x300.png 300w, https:\/\/www.qureca.com\/wp-content\/uploads\/2022\/03\/cropped_CVPic_lowres.jpg-150x150.png 150w\" sizes=\"auto, (max-width: 171px) 100vw, 171px\" \/><\/figure>\n<\/div>\n<\/div>\n\n\n\n<p class=\"has-text-align-center\">___________________<\/p>\n\n\n\n<p class=\"has-text-align-center\">___________________<\/p>\n\n\n\n<div class=\"wp-block-columns are-vertically-aligned-center is-layout-flex wp-container-core-columns-is-layout-9d6595d7 wp-block-columns-is-layout-flex\">\n<div class=\"wp-block-column is-vertically-aligned-center is-layout-flow wp-block-column-is-layout-flow\" style=\"flex-basis:25%\">\n<div class=\"wp-block-image\"><figure class=\"alignright size-full is-resized\"><img loading=\"lazy\" decoding=\"async\" src=\"http:\/\/www.qureca.com\/wp-content\/uploads\/2022\/03\/cropped_AVG_01.png\" alt=\"Araceli Venegas-Gomez Founder and CEO QURECA Ltd\" class=\"wp-image-14606\" width=\"160\" height=\"160\" srcset=\"https:\/\/www.qureca.com\/wp-content\/uploads\/2022\/03\/cropped_AVG_01.png 432w, https:\/\/www.qureca.com\/wp-content\/uploads\/2022\/03\/cropped_AVG_01-300x300.png 300w, https:\/\/www.qureca.com\/wp-content\/uploads\/2022\/03\/cropped_AVG_01-150x150.png 150w\" sizes=\"auto, (max-width: 160px) 100vw, 160px\" \/><\/figure><\/div>\n<\/div>\n\n\n\n<div class=\"wp-block-column is-vertically-aligned-center is-layout-flow wp-block-column-is-layout-flow\" style=\"flex-basis:50%\">\n<p class=\"has-medium-font-size\"><strong><strong>How was the follow-up?<\/strong><\/strong><\/p>\n\n\n\n<p class=\"has-drop-cap\">I quickly realised that solution engineer was not the only available position at QM. As a matter of fact, after 10 years in university and a Ph.D. in Quantum Physics, I applied for a marketing position!<br\/>Although I\u2019ve never considered myself to be interested in or capable of working in marketing, QM&#8217;s approach is different. It is a company founded by physicists for physicists, and they realised they needed the physicist&#8217;s perspective in marketing as well.<br\/>I had a few chats with some experts, the marketing lead, and the HR people. The further I went, the more convinced I became that I wanted to work there. I was not looking for a job at the start, but the opportunity was too good to pass.<\/p>\n<\/div>\n\n\n\n<div class=\"wp-block-column is-vertically-aligned-center is-layout-flow wp-block-column-is-layout-flow\" style=\"flex-basis:25%\">\n<figure class=\"wp-block-image size-full is-resized\"><img loading=\"lazy\" decoding=\"async\" src=\"http:\/\/www.qureca.com\/wp-content\/uploads\/2022\/03\/cropped_CVPic_lowres.jpg.png\" alt=\"Lorenzo Leandro from Quantum Machines\" class=\"wp-image-14609\" width=\"171\" height=\"171\" srcset=\"https:\/\/www.qureca.com\/wp-content\/uploads\/2022\/03\/cropped_CVPic_lowres.jpg.png 432w, https:\/\/www.qureca.com\/wp-content\/uploads\/2022\/03\/cropped_CVPic_lowres.jpg-300x300.png 300w, https:\/\/www.qureca.com\/wp-content\/uploads\/2022\/03\/cropped_CVPic_lowres.jpg-150x150.png 150w\" sizes=\"auto, (max-width: 171px) 100vw, 171px\" \/><\/figure>\n<\/div>\n<\/div>\n\n\n\n<p class=\"has-text-align-center\">___________________<\/p>\n\n\n\n<p class=\"has-text-align-center\">___________________<\/p>\n\n\n\n<div class=\"wp-block-columns are-vertically-aligned-center is-layout-flex wp-container-core-columns-is-layout-9d6595d7 wp-block-columns-is-layout-flex\">\n<div class=\"wp-block-column is-vertically-aligned-center is-layout-flow wp-block-column-is-layout-flow\" style=\"flex-basis:25%\">\n<div class=\"wp-block-image\"><figure class=\"alignright size-full is-resized\"><img loading=\"lazy\" decoding=\"async\" src=\"http:\/\/www.qureca.com\/wp-content\/uploads\/2022\/03\/cropped_AVG_01.png\" alt=\"Araceli Venegas-Gomez Founder and CEO QURECA Ltd\" class=\"wp-image-14606\" width=\"160\" height=\"160\" srcset=\"https:\/\/www.qureca.com\/wp-content\/uploads\/2022\/03\/cropped_AVG_01.png 432w, https:\/\/www.qureca.com\/wp-content\/uploads\/2022\/03\/cropped_AVG_01-300x300.png 300w, https:\/\/www.qureca.com\/wp-content\/uploads\/2022\/03\/cropped_AVG_01-150x150.png 150w\" sizes=\"auto, (max-width: 160px) 100vw, 160px\" \/><\/figure><\/div>\n<\/div>\n\n\n\n<div class=\"wp-block-column is-vertically-aligned-center is-layout-flow wp-block-column-is-layout-flow\" style=\"flex-basis:50%\">\n<p class=\"has-medium-font-size\"><strong><strong><strong>How much do you like your new job at Quantum Machines?<\/strong><\/strong><\/strong><\/p>\n\n\n\n<p class=\"has-drop-cap\">Truth be told, I would never have imagined such an amazing job had even existed before attending the conference. I joined an incredible team where I do what I do best and feel valued for it.<br\/>QM&#8217;s people were able to find the exact sweet spot where I would be happy and make an impact. They taught me a lot already, and the tight-knit community culture within QM is making my working from home much more enjoyable than I ever thought it would be possible.<\/p>\n<\/div>\n\n\n\n<div class=\"wp-block-column is-vertically-aligned-center is-layout-flow wp-block-column-is-layout-flow\" style=\"flex-basis:25%\">\n<figure class=\"wp-block-image size-full is-resized\"><img loading=\"lazy\" decoding=\"async\" src=\"http:\/\/www.qureca.com\/wp-content\/uploads\/2022\/03\/cropped_CVPic_lowres.jpg.png\" alt=\"Lorenzo Leandro from Quantum Machines\" class=\"wp-image-14609\" width=\"171\" height=\"171\" srcset=\"https:\/\/www.qureca.com\/wp-content\/uploads\/2022\/03\/cropped_CVPic_lowres.jpg.png 432w, https:\/\/www.qureca.com\/wp-content\/uploads\/2022\/03\/cropped_CVPic_lowres.jpg-300x300.png 300w, https:\/\/www.qureca.com\/wp-content\/uploads\/2022\/03\/cropped_CVPic_lowres.jpg-150x150.png 150w\" sizes=\"auto, (max-width: 171px) 100vw, 171px\" \/><\/figure>\n<\/div>\n<\/div>\n\n\n\n<p class=\"has-text-align-center\">___________________<\/p>\n\n\n\n<p class=\"has-text-align-center\">___________________<\/p>\n\n\n\n<div class=\"wp-block-columns are-vertically-aligned-center is-layout-flex wp-container-core-columns-is-layout-9d6595d7 wp-block-columns-is-layout-flex\">\n<div class=\"wp-block-column is-vertically-aligned-center is-layout-flow wp-block-column-is-layout-flow\" style=\"flex-basis:25%\">\n<div class=\"wp-block-image\"><figure class=\"alignright size-full is-resized\"><img loading=\"lazy\" decoding=\"async\" src=\"http:\/\/www.qureca.com\/wp-content\/uploads\/2022\/03\/cropped_AVG_01.png\" alt=\"Araceli Venegas-Gomez Founder and CEO QURECA Ltd\" class=\"wp-image-14606\" width=\"160\" height=\"160\" srcset=\"https:\/\/www.qureca.com\/wp-content\/uploads\/2022\/03\/cropped_AVG_01.png 432w, https:\/\/www.qureca.com\/wp-content\/uploads\/2022\/03\/cropped_AVG_01-300x300.png 300w, https:\/\/www.qureca.com\/wp-content\/uploads\/2022\/03\/cropped_AVG_01-150x150.png 150w\" sizes=\"auto, (max-width: 160px) 100vw, 160px\" \/><\/figure><\/div>\n<\/div>\n\n\n\n<div class=\"wp-block-column is-vertically-aligned-center is-layout-flow wp-block-column-is-layout-flow\" style=\"flex-basis:50%\">\n<p class=\"has-medium-font-size\"><strong><strong><strong><strong>How did you find being on the other side during this year\u2019s event?<\/strong><\/strong><\/strong><\/strong><\/p>\n\n\n\n<p class=\"has-drop-cap\">I was very happy to join the conference and talk with some interesting people. In addition, I thought that since I had been hired thanks to the conference, I was in an excellent spot to answer questions and help people find a good career path. I\u2019m grateful to Araceli and the other organizers of the QURECA conference, and I will try to join again in the future to help as much as I can.<\/p>\n<\/div>\n\n\n\n<div class=\"wp-block-column is-vertically-aligned-center is-layout-flow wp-block-column-is-layout-flow\" style=\"flex-basis:25%\">\n<figure class=\"wp-block-image size-full is-resized\"><img loading=\"lazy\" decoding=\"async\" src=\"http:\/\/www.qureca.com\/wp-content\/uploads\/2022\/03\/cropped_CVPic_lowres.jpg.png\" alt=\"Lorenzo Leandro from Quantum Machines\" class=\"wp-image-14609\" width=\"171\" height=\"171\" srcset=\"https:\/\/www.qureca.com\/wp-content\/uploads\/2022\/03\/cropped_CVPic_lowres.jpg.png 432w, https:\/\/www.qureca.com\/wp-content\/uploads\/2022\/03\/cropped_CVPic_lowres.jpg-300x300.png 300w, https:\/\/www.qureca.com\/wp-content\/uploads\/2022\/03\/cropped_CVPic_lowres.jpg-150x150.png 150w\" sizes=\"auto, (max-width: 171px) 100vw, 171px\" \/><\/figure>\n<\/div>\n<\/div>\n<\/div>\n<\/div><\/div>\n\n<h4 class=\"wp-block-heading\">Career in Quantum Technologies Follow-up!<\/h4>\n\n<p class=\"popmake-7318\" id=\"QCareer-2022\">Once more, a massive thank you to all the speakers, sponsors and talented individuals who participated in the event. We hope the event contributed to all the attendees and companies expectation. The event intend to connects leading employers with ambitious talent. It acts as a platform for companies to communicate what it&#8217;s like to work with them, and support applicants with networking. As a result, the team aim to host more Careers Fairs often, and we hope to see you there!<\/p>\n\n<p>Some of the sessions from the Careers Fair were recorded. They are available on <a href=\"https:\/\/www.youtube.com\/playlist?list=PLdzYihaHPBBHmd-56Z9epmheiicIRMz5R\" target=\"_blank\" rel=\"noreferrer noopener\">QURECA YouTube channel<\/a>. This is a great opportunity for anyone who missed the event to find out more about the participating companies.<\/p>\n\n<p>To learn more about the event and all our fantastic sponsors, have a look at our <a href=\"https:\/\/www.canva.com\/design\/DAE6PFINaJc\/QWzIUe6qmmI6O4cEyZnj5Q\/view?utm_content=DAE6PFINaJc&amp;utm_campaign=designshare&amp;utm_medium=link&amp;utm_source=sharebutton\" target=\"_blank\" rel=\"noreferrer noopener\">event booklet<\/a> or <a href=\"http:\/\/www.qureca.com\/es\/contactenos-qureca-quantum\/\" target=\"_blank\" rel=\"noreferrer noopener\">contact us<\/a> for the <a href=\"http:\/\/www.qureca.com\/es\/eventos\/\" target=\"_blank\" rel=\"noreferrer noopener\">next quantum event<\/a>.<\/p>\n","protected":false},"excerpt":{"rendered":"<p>Lorenzo from Quantum Machines On March 3rd, 2022, QURECA Ltd, in a joint venture with The Quantum Insider, hosted the Career Quantum Fair 2022. Amongst the participating companies were Quantum&#8230;<\/p>\n","protected":false},"author":3,"featured_media":0,"comment_status":"closed","ping_status":"open","sticky":false,"template":"","format":"standard","meta":{"_acf_changed":false,"_price":"","_stock":"","_tribe_ticket_header":"","_tribe_default_ticket_provider":"","_tribe_ticket_capacity":"0","_ticket_start_date":"","_ticket_end_date":"","_tribe_ticket_show_description":"","_tribe_ticket_show_not_going":false,"_tribe_ticket_use_global_stock":"","_tribe_ticket_global_stock_level":"","_global_stock_mode":"","_global_stock_cap":"","_tribe_rsvp_for_event":"","_tribe_ticket_going_count":"","_tribe_ticket_not_going_count":"","_tribe_tickets_list":"[]","_tribe_ticket_has_attendee_info_fields":false,"footnotes":""},"categories":[233,234,230,231,232],"tags":[294,318,238,319,236],"class_list":["post-15038","post","type-post","status-publish","format-standard","hentry","category-fuerza-de-trabajo-cuantica","category-habilidades","category-noticias-qureca","category-quantum-es","category-tecnologias-cuanticas","tag-career-in-quantum-es","tag-quantum-machines-es","tag-reclutamiento","tag-success-story-es","tag-tecnologia-cuantica"],"acf":[],"yoast_head":"<!-- This site is optimized with the Yoast SEO plugin v27.5 - https:\/\/yoast.com\/product\/yoast-seo-wordpress\/ -->\n<title>From Career Fair to Career at Quantum Machines, the success story of Lorenzo<\/title>\n<meta name=\"description\" content=\"Read the story of the PhD Lorenzo who shifted from academia to industry by securing a job with Quantum Machines during a Career Fair in 2022.\" \/>\n<meta name=\"robots\" content=\"index, follow, max-snippet:-1, max-image-preview:large, max-video-preview:-1\" \/>\n<link rel=\"canonical\" href=\"https:\/\/www.qureca.com\/es\/from-a-career-fair-to-a-career-in-quantum-machines\/\" \/>\n<meta property=\"og:locale\" content=\"es_ES\" \/>\n<meta property=\"og:type\" content=\"article\" \/>\n<meta property=\"og:title\" content=\"From Career Fair to Career at Quantum Machines, the success story of Lorenzo\" \/>\n<meta property=\"og:description\" content=\"Read the story of the PhD Lorenzo who shifted from academia to industry by securing a job with Quantum Machines during a Career Fair in 2022.\" \/>\n<meta property=\"og:url\" content=\"https:\/\/www.qureca.com\/es\/from-a-career-fair-to-a-career-in-quantum-machines\/\" \/>\n<meta property=\"og:site_name\" content=\"Qureca Spain\" \/>\n<meta property=\"article:published_time\" content=\"2022-04-25T19:45:46+00:00\" \/>\n<meta property=\"article:modified_time\" content=\"2022-04-25T19:48:08+00:00\" \/>\n<meta property=\"og:image\" content=\"http:\/\/www.qureca.com\/wp-content\/uploads\/2022\/03\/cropped_AVG_01.png\" \/>\n<meta name=\"author\" content=\"Araceli Venegas\" \/>\n<meta name=\"twitter:card\" content=\"summary_large_image\" \/>\n<meta name=\"twitter:label1\" content=\"Escrito por\" \/>\n\t<meta name=\"twitter:data1\" content=\"Araceli Venegas\" \/>\n\t<meta name=\"twitter:label2\" content=\"Tiempo de lectura\" \/>\n\t<meta name=\"twitter:data2\" content=\"4 minutos\" \/>\n<script type=\"application\/ld+json\" class=\"yoast-schema-graph\">{\"@context\":\"https:\\\/\\\/schema.org\",\"@graph\":[{\"@type\":\"Article\",\"@id\":\"https:\\\/\\\/www.qureca.com\\\/es\\\/from-a-career-fair-to-a-career-in-quantum-machines\\\/#article\",\"isPartOf\":{\"@id\":\"https:\\\/\\\/www.qureca.com\\\/es\\\/from-a-career-fair-to-a-career-in-quantum-machines\\\/\"},\"author\":{\"name\":\"Araceli Venegas\",\"@id\":\"https:\\\/\\\/www.qureca.com\\\/es\\\/#\\\/schema\\\/person\\\/75628ad180d0b752d9c40928ee2c52c9\"},\"headline\":\"From a Career Fair to a Career in Quantum Machines\",\"datePublished\":\"2022-04-25T19:45:46+00:00\",\"dateModified\":\"2022-04-25T19:48:08+00:00\",\"mainEntityOfPage\":{\"@id\":\"https:\\\/\\\/www.qureca.com\\\/es\\\/from-a-career-fair-to-a-career-in-quantum-machines\\\/\"},\"wordCount\":757,\"image\":{\"@id\":\"https:\\\/\\\/www.qureca.com\\\/es\\\/from-a-career-fair-to-a-career-in-quantum-machines\\\/#primaryimage\"},\"thumbnailUrl\":\"http:\\\/\\\/www.qureca.com\\\/wp-content\\\/uploads\\\/2022\\\/03\\\/cropped_AVG_01.png\",\"keywords\":[\"Career in Quantum\",\"quantum machines\",\"reclutamiento\",\"success story\",\"tecnolog\u00eda cu\u00e1ntica\"],\"articleSection\":[\"Fuerza de trabajo cu\u00e1ntica\",\"Habilidades\",\"Noticias QURECA\",\"Quantum\",\"Tecnolog\u00edas cu\u00e1nticas\"],\"inLanguage\":\"es\"},{\"@type\":\"WebPage\",\"@id\":\"https:\\\/\\\/www.qureca.com\\\/es\\\/from-a-career-fair-to-a-career-in-quantum-machines\\\/\",\"url\":\"https:\\\/\\\/www.qureca.com\\\/es\\\/from-a-career-fair-to-a-career-in-quantum-machines\\\/\",\"name\":\"From Career Fair to Career at Quantum Machines, the success story of Lorenzo\",\"isPartOf\":{\"@id\":\"https:\\\/\\\/www.qureca.com\\\/es\\\/#website\"},\"primaryImageOfPage\":{\"@id\":\"https:\\\/\\\/www.qureca.com\\\/es\\\/from-a-career-fair-to-a-career-in-quantum-machines\\\/#primaryimage\"},\"image\":{\"@id\":\"https:\\\/\\\/www.qureca.com\\\/es\\\/from-a-career-fair-to-a-career-in-quantum-machines\\\/#primaryimage\"},\"thumbnailUrl\":\"http:\\\/\\\/www.qureca.com\\\/wp-content\\\/uploads\\\/2022\\\/03\\\/cropped_AVG_01.png\",\"datePublished\":\"2022-04-25T19:45:46+00:00\",\"dateModified\":\"2022-04-25T19:48:08+00:00\",\"author\":{\"@id\":\"https:\\\/\\\/www.qureca.com\\\/es\\\/#\\\/schema\\\/person\\\/75628ad180d0b752d9c40928ee2c52c9\"},\"description\":\"Read the story of the PhD Lorenzo who shifted from academia to industry by securing a job with Quantum Machines during a Career Fair in 2022.\",\"breadcrumb\":{\"@id\":\"https:\\\/\\\/www.qureca.com\\\/es\\\/from-a-career-fair-to-a-career-in-quantum-machines\\\/#breadcrumb\"},\"inLanguage\":\"es\",\"potentialAction\":[{\"@type\":\"ReadAction\",\"target\":[\"https:\\\/\\\/www.qureca.com\\\/es\\\/from-a-career-fair-to-a-career-in-quantum-machines\\\/\"]}]},{\"@type\":\"ImageObject\",\"inLanguage\":\"es\",\"@id\":\"https:\\\/\\\/www.qureca.com\\\/es\\\/from-a-career-fair-to-a-career-in-quantum-machines\\\/#primaryimage\",\"url\":\"http:\\\/\\\/www.qureca.com\\\/wp-content\\\/uploads\\\/2022\\\/03\\\/cropped_AVG_01.png\",\"contentUrl\":\"http:\\\/\\\/www.qureca.com\\\/wp-content\\\/uploads\\\/2022\\\/03\\\/cropped_AVG_01.png\"},{\"@type\":\"BreadcrumbList\",\"@id\":\"https:\\\/\\\/www.qureca.com\\\/es\\\/from-a-career-fair-to-a-career-in-quantum-machines\\\/#breadcrumb\",\"itemListElement\":[{\"@type\":\"ListItem\",\"position\":1,\"name\":\"Portada\",\"item\":\"https:\\\/\\\/www.qureca.com\\\/es\\\/\"},{\"@type\":\"ListItem\",\"position\":2,\"name\":\"From a Career Fair to a Career in Quantum Machines\"}]},{\"@type\":\"WebSite\",\"@id\":\"https:\\\/\\\/www.qureca.com\\\/es\\\/#website\",\"url\":\"https:\\\/\\\/www.qureca.com\\\/es\\\/\",\"name\":\"QURECA\",\"description\":\"Recursos Cu\u00e1nticos y Carreras\",\"potentialAction\":[{\"@type\":\"SearchAction\",\"target\":{\"@type\":\"EntryPoint\",\"urlTemplate\":\"https:\\\/\\\/www.qureca.com\\\/es\\\/?s={search_term_string}\"},\"query-input\":{\"@type\":\"PropertyValueSpecification\",\"valueRequired\":true,\"valueName\":\"search_term_string\"}}],\"inLanguage\":\"es\"},{\"@type\":\"Person\",\"@id\":\"https:\\\/\\\/www.qureca.com\\\/es\\\/#\\\/schema\\\/person\\\/75628ad180d0b752d9c40928ee2c52c9\",\"name\":\"Araceli Venegas\",\"image\":{\"@type\":\"ImageObject\",\"inLanguage\":\"es\",\"@id\":\"https:\\\/\\\/secure.gravatar.com\\\/avatar\\\/98f4ed3afc7a26ff5a50037d6de5a861210eb89e1df5bc65b578d4aa6c282794?s=96&d=mm&r=g\",\"url\":\"https:\\\/\\\/secure.gravatar.com\\\/avatar\\\/98f4ed3afc7a26ff5a50037d6de5a861210eb89e1df5bc65b578d4aa6c282794?s=96&d=mm&r=g\",\"contentUrl\":\"https:\\\/\\\/secure.gravatar.com\\\/avatar\\\/98f4ed3afc7a26ff5a50037d6de5a861210eb89e1df5bc65b578d4aa6c282794?s=96&d=mm&r=g\",\"caption\":\"Araceli Venegas\"},\"url\":\"https:\\\/\\\/www.qureca.com\\\/es\\\/author\\\/araceli-venegas-gomezqureca-com\\\/\"}]}<\/script>\n<!-- \/ Yoast SEO plugin. -->","yoast_head_json":{"title":"From Career Fair to Career at Quantum Machines, the success story of Lorenzo","description":"Read the story of the PhD Lorenzo who shifted from academia to industry by securing a job with Quantum Machines during a Career Fair in 2022.","robots":{"index":"index","follow":"follow","max-snippet":"max-snippet:-1","max-image-preview":"max-image-preview:large","max-video-preview":"max-video-preview:-1"},"canonical":"https:\/\/www.qureca.com\/es\/from-a-career-fair-to-a-career-in-quantum-machines\/","og_locale":"es_ES","og_type":"article","og_title":"From Career Fair to Career at Quantum Machines, the success story of Lorenzo","og_description":"Read the story of the PhD Lorenzo who shifted from academia to industry by securing a job with Quantum Machines during a Career Fair in 2022.","og_url":"https:\/\/www.qureca.com\/es\/from-a-career-fair-to-a-career-in-quantum-machines\/","og_site_name":"Qureca Spain","article_published_time":"2022-04-25T19:45:46+00:00","article_modified_time":"2022-04-25T19:48:08+00:00","og_image":[{"url":"http:\/\/www.qureca.com\/wp-content\/uploads\/2022\/03\/cropped_AVG_01.png","type":"","width":"","height":""}],"author":"Araceli Venegas","twitter_card":"summary_large_image","twitter_misc":{"Escrito por":"Araceli Venegas","Tiempo de lectura":"4 minutos"},"schema":{"@context":"https:\/\/schema.org","@graph":[{"@type":"Article","@id":"https:\/\/www.qureca.com\/es\/from-a-career-fair-to-a-career-in-quantum-machines\/#article","isPartOf":{"@id":"https:\/\/www.qureca.com\/es\/from-a-career-fair-to-a-career-in-quantum-machines\/"},"author":{"name":"Araceli Venegas","@id":"https:\/\/www.qureca.com\/es\/#\/schema\/person\/75628ad180d0b752d9c40928ee2c52c9"},"headline":"From a Career Fair to a Career in Quantum Machines","datePublished":"2022-04-25T19:45:46+00:00","dateModified":"2022-04-25T19:48:08+00:00","mainEntityOfPage":{"@id":"https:\/\/www.qureca.com\/es\/from-a-career-fair-to-a-career-in-quantum-machines\/"},"wordCount":757,"image":{"@id":"https:\/\/www.qureca.com\/es\/from-a-career-fair-to-a-career-in-quantum-machines\/#primaryimage"},"thumbnailUrl":"http:\/\/www.qureca.com\/wp-content\/uploads\/2022\/03\/cropped_AVG_01.png","keywords":["Career in Quantum","quantum machines","reclutamiento","success story","tecnolog\u00eda cu\u00e1ntica"],"articleSection":["Fuerza de trabajo cu\u00e1ntica","Habilidades","Noticias QURECA","Quantum","Tecnolog\u00edas cu\u00e1nticas"],"inLanguage":"es"},{"@type":"WebPage","@id":"https:\/\/www.qureca.com\/es\/from-a-career-fair-to-a-career-in-quantum-machines\/","url":"https:\/\/www.qureca.com\/es\/from-a-career-fair-to-a-career-in-quantum-machines\/","name":"From Career Fair to Career at Quantum Machines, the success story of Lorenzo","isPartOf":{"@id":"https:\/\/www.qureca.com\/es\/#website"},"primaryImageOfPage":{"@id":"https:\/\/www.qureca.com\/es\/from-a-career-fair-to-a-career-in-quantum-machines\/#primaryimage"},"image":{"@id":"https:\/\/www.qureca.com\/es\/from-a-career-fair-to-a-career-in-quantum-machines\/#primaryimage"},"thumbnailUrl":"http:\/\/www.qureca.com\/wp-content\/uploads\/2022\/03\/cropped_AVG_01.png","datePublished":"2022-04-25T19:45:46+00:00","dateModified":"2022-04-25T19:48:08+00:00","author":{"@id":"https:\/\/www.qureca.com\/es\/#\/schema\/person\/75628ad180d0b752d9c40928ee2c52c9"},"description":"Read the story of the PhD Lorenzo who shifted from academia to industry by securing a job with Quantum Machines during a Career Fair in 2022.","breadcrumb":{"@id":"https:\/\/www.qureca.com\/es\/from-a-career-fair-to-a-career-in-quantum-machines\/#breadcrumb"},"inLanguage":"es","potentialAction":[{"@type":"ReadAction","target":["https:\/\/www.qureca.com\/es\/from-a-career-fair-to-a-career-in-quantum-machines\/"]}]},{"@type":"ImageObject","inLanguage":"es","@id":"https:\/\/www.qureca.com\/es\/from-a-career-fair-to-a-career-in-quantum-machines\/#primaryimage","url":"http:\/\/www.qureca.com\/wp-content\/uploads\/2022\/03\/cropped_AVG_01.png","contentUrl":"http:\/\/www.qureca.com\/wp-content\/uploads\/2022\/03\/cropped_AVG_01.png"},{"@type":"BreadcrumbList","@id":"https:\/\/www.qureca.com\/es\/from-a-career-fair-to-a-career-in-quantum-machines\/#breadcrumb","itemListElement":[{"@type":"ListItem","position":1,"name":"Portada","item":"https:\/\/www.qureca.com\/es\/"},{"@type":"ListItem","position":2,"name":"From a Career Fair to a Career in Quantum Machines"}]},{"@type":"WebSite","@id":"https:\/\/www.qureca.com\/es\/#website","url":"https:\/\/www.qureca.com\/es\/","name":"QURECA","description":"Recursos Cu\u00e1nticos y Carreras","potentialAction":[{"@type":"SearchAction","target":{"@type":"EntryPoint","urlTemplate":"https:\/\/www.qureca.com\/es\/?s={search_term_string}"},"query-input":{"@type":"PropertyValueSpecification","valueRequired":true,"valueName":"search_term_string"}}],"inLanguage":"es"},{"@type":"Person","@id":"https:\/\/www.qureca.com\/es\/#\/schema\/person\/75628ad180d0b752d9c40928ee2c52c9","name":"Araceli Venegas","image":{"@type":"ImageObject","inLanguage":"es","@id":"https:\/\/secure.gravatar.com\/avatar\/98f4ed3afc7a26ff5a50037d6de5a861210eb89e1df5bc65b578d4aa6c282794?s=96&d=mm&r=g","url":"https:\/\/secure.gravatar.com\/avatar\/98f4ed3afc7a26ff5a50037d6de5a861210eb89e1df5bc65b578d4aa6c282794?s=96&d=mm&r=g","contentUrl":"https:\/\/secure.gravatar.com\/avatar\/98f4ed3afc7a26ff5a50037d6de5a861210eb89e1df5bc65b578d4aa6c282794?s=96&d=mm&r=g","caption":"Araceli Venegas"},"url":"https:\/\/www.qureca.com\/es\/author\/araceli-venegas-gomezqureca-com\/"}]}},"_links":{"self":[{"href":"https:\/\/www.qureca.com\/es\/wp-json\/wp\/v2\/posts\/15038","targetHints":{"allow":["GET"]}}],"collection":[{"href":"https:\/\/www.qureca.com\/es\/wp-json\/wp\/v2\/posts"}],"about":[{"href":"https:\/\/www.qureca.com\/es\/wp-json\/wp\/v2\/types\/post"}],"author":[{"embeddable":true,"href":"https:\/\/www.qureca.com\/es\/wp-json\/wp\/v2\/users\/3"}],"replies":[{"embeddable":true,"href":"https:\/\/www.qureca.com\/es\/wp-json\/wp\/v2\/comments?post=15038"}],"version-history":[{"count":3,"href":"https:\/\/www.qureca.com\/es\/wp-json\/wp\/v2\/posts\/15038\/revisions"}],"predecessor-version":[{"id":15041,"href":"https:\/\/www.qureca.com\/es\/wp-json\/wp\/v2\/posts\/15038\/revisions\/15041"}],"wp:attachment":[{"href":"https:\/\/www.qureca.com\/es\/wp-json\/wp\/v2\/media?parent=15038"}],"wp:term":[{"taxonomy":"category","embeddable":true,"href":"https:\/\/www.qureca.com\/es\/wp-json\/wp\/v2\/categories?post=15038"},{"taxonomy":"post_tag","embeddable":true,"href":"https:\/\/www.qureca.com\/es\/wp-json\/wp\/v2\/tags?post=15038"}],"curies":[{"name":"wp","href":"https:\/\/api.w.org\/{rel}","templated":true}]}}